{"id":171,"date":"2024-02-23T17:12:45","date_gmt":"2024-02-23T16:12:45","guid":{"rendered":"http:\/\/levampyre.de\/blog\/?p=171"},"modified":"2024-02-29T16:53:42","modified_gmt":"2024-02-29T15:53:42","slug":"der-waldgarten-entsteht","status":"publish","type":"post","link":"https:\/\/levampyre.de\/blog\/?p=171","title":{"rendered":"Der Waldgarten entsteht"},"content":{"rendered":"\n<p>Neulich wurde ich auf Mastodon gefragt, ob ich nicht mal etwas mehr dar\u00fcber erz\u00e4hlen k\u00f6nne, wie ich Geh\u00f6lze f\u00fcr unseren Waldgarten aus Saatgut vermehre. Da ich dabei keine Raketenwissenschaft betreibe und das zu erkl\u00e4ren vermutlich keinen Blogartikel f\u00fcllt, schreibe ich heute nicht nur \u00fcber Pflanzenvermehrung aus Saatgut, sondern ganz allgemein \u00fcber unseren Waldgarten, \u00fcber mein Konzept, wie ich den Garten anlegen und meine Pl\u00e4ne, wie ich vorgehen m\u00f6chte, um dieses Langzeitprojekt voranzubringen und den Waldgarten nach und nach tats\u00e4chlich entstehen zu lassen. (Ich habe diesmal Zwischen-\u00dcberschriften gemacht, damit ihr zu dem f\u00fcr euch interessanten Teil springen k\u00f6nnt, falls ihr nicht alles lesen wollt.)<\/p>\n\n\n\n<h2 class=\"wp-block-heading\">Die Definition<\/h2>\n\n\n\n<p>Aber was meine ich eigentlich, wenn ich von einem &#8222;Waldgarten&#8220; spreche? Ich meine einen Garten, in dem \u00fcberwiegend mehrj\u00e4hrige Pflanzen wachsen, Geh\u00f6lze, wie Obst- und Nussb\u00e4ume, Str\u00e4ucher, Stauden und Kr\u00e4uter. Aber diese Obst- und Nussb\u00e4ume wachsen nicht in Monokultur wie auf einer Streuobstwiese oder einer Kiefernplantage, sondern in sogenannten &#8222;Baum-Gilden&#8220;. Sie bilden Pflanzengemeinschaften mit anderen mehrj\u00e4hrigen Kulturen, die \u00e4hnlich wie in einem Urwald alle vertikalen Ebenen des Waldes ausf\u00fcllen. Da w\u00e4chst zum Beispiel unter einer hohen Vogelkirsche eine halbhohe Mispel, daneben ein Erbsenstrauch und eine Hundsrose, darunter Rosmarin und wilde M\u00f6hre, der Boden ist mit Erdbeeren bedeckt und an der Kirsche rankt sich eine Kiwi empor. Wir pflanzen also auch kein Spargelbeet oder Erdbeerbeet in Monokultur, sondern versammeln alle sieben H\u00f6hen-Ebenen des Waldes an einem Ort: die Hochst\u00e4mme, die Halbst\u00e4mme, die Str\u00e4ucher, die Kr\u00e4uter, die Wurzeln und Knollen, die Bodendecker und die Rankengew\u00e4chse. (Und nach unseren Erkenntnissen \u00fcber das &#8222;soil-food-web&#8220;, die Boden-Nahrungskette, denken wir als 8. Ebene am besten auch noch die Pilze mit, die aber in der klassischen Literatur nicht dazu gez\u00e4hlt werden.) Dadurch lassen wir ein urwaldartiges Habitat entstehen, in dem sich nicht nur die Pflanzen, sondern auch die Tiere in einem nat\u00fcrlichen, selbsterhaltenden Gleichgewicht befinden.<\/p>\n\n\n\n<figure data-wp-context=\"{&quot;imageId&quot;:&quot;69f2a6460c7d5&quot;}\" data-wp-interactive=\"core\/image\" data-wp-key=\"69f2a6460c7d5\" class=\"wp-block-image size-large is-resized wp-lightbox-container\"><img loading=\"lazy\" decoding=\"async\" width=\"700\" height=\"519\" data-wp-class--hide=\"state.isContentHidden\" data-wp-class--show=\"state.isContentVisible\" data-wp-init=\"callbacks.setButtonStyles\" data-wp-on--click=\"actions.showLightbox\" data-wp-on--load=\"callbacks.setButtonStyles\" data-wp-on-window--resize=\"callbacks.setButtonStyles\" src=\"https:\/\/levampyre.de\/blog\/wp-content\/uploads\/2024\/02\/waldgarten-sieben-ebenen-700x519.jpg\" alt=\"\" class=\"wp-image-332\" style=\"width:840px;height:auto\" srcset=\"https:\/\/levampyre.de\/blog\/wp-content\/uploads\/2024\/02\/waldgarten-sieben-ebenen-700x519.jpg 700w, https:\/\/levampyre.de\/blog\/wp-content\/uploads\/2024\/02\/waldgarten-sieben-ebenen-300x222.jpg 300w, https:\/\/levampyre.de\/blog\/wp-content\/uploads\/2024\/02\/waldgarten-sieben-ebenen-768x569.jpg 768w, https:\/\/levampyre.de\/blog\/wp-content\/uploads\/2024\/02\/waldgarten-sieben-ebenen-1536x1139.jpg 1536w, https:\/\/levampyre.de\/blog\/wp-content\/uploads\/2024\/02\/waldgarten-sieben-ebenen-2048x1518.jpg 2048w\" sizes=\"auto, (max-width: 700px) 100vw, 700px\" \/><button\n\t\t\tclass=\"lightbox-trigger\"\n\t\t\ttype=\"button\"\n\t\t\taria-haspopup=\"dialog\"\n\t\t\taria-label=\"Vergr\u00f6\u00dfern\"\n\t\t\tdata-wp-init=\"callbacks.initTriggerButton\"\n\t\t\tdata-wp-on--click=\"actions.showLightbox\"\n\t\t\tdata-wp-style--right=\"state.imageButtonRight\"\n\t\t\tdata-wp-style--top=\"state.imageButtonTop\"\n\t\t>\n\t\t\t<svg xmlns=\"http:\/\/www.w3.org\/2000\/svg\" width=\"12\" height=\"12\" fill=\"none\" viewBox=\"0 0 12 12\">\n\t\t\t\t<path fill=\"#fff\" d=\"M2 0a2 2 0 0 0-2 2v2h1.5V2a.5.5 0 0 1 .5-.5h2V0H2Zm2 10.5H2a.5.5 0 0 1-.5-.5V8H0v2a2 2 0 0 0 2 2h2v-1.5ZM8 12v-1.5h2a.5.5 0 0 0 .5-.5V8H12v2a2 2 0 0 1-2 2H8Zm2-12a2 2 0 0 1 2 2v2h-1.5V2a.5.5 0 0 0-.5-.5H8V0h2Z\" \/>\n\t\t\t<\/svg>\n\t\t<\/button><figcaption class=\"wp-element-caption\"><em>Die sieben Ebenen des Waldgartens<\/em><\/figcaption><\/figure>\n\n\n\n<p>Man kann dieses Prinzip der sieben Ebenen theoretisch mit allen m\u00f6glichen Geh\u00f6lzen und Kr\u00e4utern realisieren. Unser Waldgarten soll aber ein essbarer Waldgarten werden, ein &#8222;food forest&#8220;, wie man ihn im Englischen nennt. Daher fokussiere ich mich auf Obst- und Nussb\u00e4ume, Beerenstr\u00e4ucher, Wildobst, mehrj\u00e4hriges Gem\u00fcse und Heilkr\u00e4uter, eben alles, was mehrj\u00e4hrig und essbar ist. Die Hoffnung ist, dass wir irgendwann, wenn wir alt und grau sind, einen ausgewachsenen Wald haben werden, der nur noch wenig menschliche F\u00fcrsorge ben\u00f6tigt und uns dennoch ern\u00e4hrt &#8211; n\u00e4mlich weil er sein eigenes resilientes, artenreiches \u00d6kosystem geworden ist. Ein klassischer Gem\u00fcse- oder K\u00fcchengarten verlangt dagegen st\u00e4ndige Pflege. Die einj\u00e4hrigen Kulturen m\u00fcssen ausges\u00e4t, gepflanzt und regelm\u00e4ssig gegossen werden, das Unkraut mu\u00df gej\u00e4tet, Kompost und D\u00fcnger m\u00fcssen auf den Beeten verteilt werden und die Ernte findet meist in geb\u00fcckter Haltung statt. Das werden wir sicher nicht bis ins hohe Alter leisten k\u00f6nnen. Ein essbarer Waldgarten k\u00f6nnte sich dann durch herabfallendes Laub selbst mit Kompost versorgen. Er mu\u00df nicht gegossen werden, weil er Wasser in seiner dicken Humusschicht speichert und die Baumkronen die Verdunstung verringern. Einj\u00e4hrige Kulturen verwildern und s\u00e4en sich an geeigneter Stelle selbst aus.<\/p>\n\n\n\n<h2 class=\"wp-block-heading\">Das Konzept<\/h2>\n\n\n\n<p>Der Waldgarten soll auf einer Fl\u00e4che von 4638 qm (ca. 53 x 81 m) einer kargen, von Flechten und Moosen durchwachsenen Graslandschaft entstehen. Diese Gr\u00e4ser, Flechten und Moose wachsen auf Sandboden, der nahezu kein Wasser speichert und kaum organisches Material enth\u00e4lt. Nach Norden schlie\u00dft sich ein lichter Kiefernwald mit ausgewachsenen B\u00e4umen an, gen Westen andere Grundst\u00fccke und unser Kulturgarten. Nach S\u00fcden und Osten ist das Gel\u00e4nde offen und f\u00e4llt in einer Art Sandd\u00fcne ca. 3m tief zur Flutwiese am Flussufer hin ab. Aus diesem Grund werde ich B\u00e4ume, die eher hoch wachsen werden, wie Elsbeeren, Wildbirnen oder Esskastanien tendentiell eher im n\u00f6rdlichen Teil des Areals pflanzen und B\u00e4ume, die eher klein bleiben, wie Pflaumen, Mispeln oder auf Halbst\u00e4mmen veredeltes Obst tendentiell eher s\u00fcd-\u00f6stlich. So m\u00f6chte ich verhindern, dass die gro\u00dfen B\u00e4ume sp\u00e4ter zu viel Schatten auf die kleineren B\u00e4ume werfen.<\/p>\n\n\n\n<figure data-wp-context=\"{&quot;imageId&quot;:&quot;69f2a6460cf54&quot;}\" data-wp-interactive=\"core\/image\" data-wp-key=\"69f2a6460cf54\" class=\"wp-block-image size-large is-resized is-style-default wp-lightbox-container\"><img loading=\"lazy\" decoding=\"async\" width=\"700\" height=\"614\" data-wp-class--hide=\"state.isContentHidden\" data-wp-class--show=\"state.isContentVisible\" data-wp-init=\"callbacks.setButtonStyles\" data-wp-on--click=\"actions.showLightbox\" data-wp-on--load=\"callbacks.setButtonStyles\" data-wp-on-window--resize=\"callbacks.setButtonStyles\" src=\"https:\/\/levampyre.de\/blog\/wp-content\/uploads\/2024\/02\/waldgarten-areal-satelit-700x614.jpg\" alt=\"Satelitenbild mit einer orange eingef\u00e4rbten Fl\u00e4che\" class=\"wp-image-323\" style=\"width:840px;height:auto\" srcset=\"https:\/\/levampyre.de\/blog\/wp-content\/uploads\/2024\/02\/waldgarten-areal-satelit-700x614.jpg 700w, https:\/\/levampyre.de\/blog\/wp-content\/uploads\/2024\/02\/waldgarten-areal-satelit-300x263.jpg 300w, https:\/\/levampyre.de\/blog\/wp-content\/uploads\/2024\/02\/waldgarten-areal-satelit-768x673.jpg 768w, https:\/\/levampyre.de\/blog\/wp-content\/uploads\/2024\/02\/waldgarten-areal-satelit.jpg 1428w\" sizes=\"auto, (max-width: 700px) 100vw, 700px\" \/><button\n\t\t\tclass=\"lightbox-trigger\"\n\t\t\ttype=\"button\"\n\t\t\taria-haspopup=\"dialog\"\n\t\t\taria-label=\"Vergr\u00f6\u00dfern\"\n\t\t\tdata-wp-init=\"callbacks.initTriggerButton\"\n\t\t\tdata-wp-on--click=\"actions.showLightbox\"\n\t\t\tdata-wp-style--right=\"state.imageButtonRight\"\n\t\t\tdata-wp-style--top=\"state.imageButtonTop\"\n\t\t>\n\t\t\t<svg xmlns=\"http:\/\/www.w3.org\/2000\/svg\" width=\"12\" height=\"12\" fill=\"none\" viewBox=\"0 0 12 12\">\n\t\t\t\t<path fill=\"#fff\" d=\"M2 0a2 2 0 0 0-2 2v2h1.5V2a.5.5 0 0 1 .5-.5h2V0H2Zm2 10.5H2a.5.5 0 0 1-.5-.5V8H0v2a2 2 0 0 0 2 2h2v-1.5ZM8 12v-1.5h2a.5.5 0 0 0 .5-.5V8H12v2a2 2 0 0 1-2 2H8Zm2-12a2 2 0 0 1 2 2v2h-1.5V2a.5.5 0 0 0-.5-.5H8V0h2Z\" \/>\n\t\t\t<\/svg>\n\t\t<\/button><figcaption class=\"wp-element-caption\"><em>Das Areal des Waldgartens aus der Vogelperspektive und orange eingef\u00e4rbt<\/em><\/figcaption><\/figure>\n\n\n\n<p>Mittig m\u00f6chte ich einen Naturteich anlegen und um den Teich herum sollen die empfindlicheren Kulturen, wie Maulbeeren, Pfirsiche oder Mandeln wachsen. Da Wasser eine relativ hohe W\u00e4rmekapazit\u00e4t hat, gibt es in der N\u00e4he von Binnengew\u00e4ssern geringere Temperaturschwankungen und ein stabileres Mikroklima. Davon profitieren empfindliche Pflanzen. Au\u00dferdem reflektiert die Wasseroberfl\u00e4che das Sonnenlicht und kann den umstehenden Pflanzen so noch einen zus\u00e4tzlichen Boost f\u00fcr die Photosynthese verschaffen. Um den Waldgarten von den starken und zum Teil eisigen Winden aus der Flutebene etwas abzuschirmen und vor Rehen und Wildschweinen zu sch\u00fctzen, m\u00f6chte ich im S\u00fcdosten eine bedornte Wildobsthecke aus Wei\u00dfdorn, Kornelkirschen, Berberitzen, Schlehen, Holz\u00e4pfeln, Rosen, Haferpflaumen und dergleichen mehr pflanzen. Diese Dornenhecke m\u00f6chte ich irgendwann ganz klassisch schr\u00e4g legen. Im Norden soll eine Him- und Brombeer-Hecke den Durchmarsch von Wildtieren verhindern. Au\u00dferdem m\u00f6chte ich mit Weidenarchitektur Orte f\u00fcr uns Menschen erschaffen, an denen wir spielen, zusammensitzen, ausruhen oder einfach ausgiebig \u00fcber das Leben, das Universum und den ganzen Rest sinnieren k\u00f6nnen.<\/p>\n\n\n\n<figure class=\"wp-block-gallery has-nested-images columns-default is-cropped wp-block-gallery-1 is-layout-flex wp-block-gallery-is-layout-flex\">\n<figure data-wp-context=\"{&quot;imageId&quot;:&quot;69f2a6460d5e6&quot;}\" data-wp-interactive=\"core\/image\" data-wp-key=\"69f2a6460d5e6\" class=\"wp-block-image size-large is-style-default wp-lightbox-container\"><img loading=\"lazy\" decoding=\"async\" width=\"700\" height=\"525\" data-wp-class--hide=\"state.isContentHidden\" data-wp-class--show=\"state.isContentVisible\" data-wp-init=\"callbacks.setButtonStyles\" data-wp-on--click=\"actions.showLightbox\" data-wp-on--load=\"callbacks.setButtonStyles\" data-wp-on-window--resize=\"callbacks.setButtonStyles\" data-id=\"321\" src=\"https:\/\/levampyre.de\/blog\/wp-content\/uploads\/2024\/02\/2020_waldgarten-konzept-700x525.jpg\" alt=\"karierte Spiralblockseite, auf die mit schwarzer Tinte eine Grafik gezeichnet ist, die viele Kreise mit Namen von Baumarten enth\u00e4lt\" class=\"wp-image-321\" srcset=\"https:\/\/levampyre.de\/blog\/wp-content\/uploads\/2024\/02\/2020_waldgarten-konzept-700x525.jpg 700w, https:\/\/levampyre.de\/blog\/wp-content\/uploads\/2024\/02\/2020_waldgarten-konzept-300x225.jpg 300w, https:\/\/levampyre.de\/blog\/wp-content\/uploads\/2024\/02\/2020_waldgarten-konzept-768x576.jpg 768w, https:\/\/levampyre.de\/blog\/wp-content\/uploads\/2024\/02\/2020_waldgarten-konzept-1536x1152.jpg 1536w, https:\/\/levampyre.de\/blog\/wp-content\/uploads\/2024\/02\/2020_waldgarten-konzept-2048x1536.jpg 2048w\" sizes=\"auto, (max-width: 700px) 100vw, 700px\" \/><button\n\t\t\tclass=\"lightbox-trigger\"\n\t\t\ttype=\"button\"\n\t\t\taria-haspopup=\"dialog\"\n\t\t\taria-label=\"Vergr\u00f6\u00dfern\"\n\t\t\tdata-wp-init=\"callbacks.initTriggerButton\"\n\t\t\tdata-wp-on--click=\"actions.showLightbox\"\n\t\t\tdata-wp-style--right=\"state.imageButtonRight\"\n\t\t\tdata-wp-style--top=\"state.imageButtonTop\"\n\t\t>\n\t\t\t<svg xmlns=\"http:\/\/www.w3.org\/2000\/svg\" width=\"12\" height=\"12\" fill=\"none\" viewBox=\"0 0 12 12\">\n\t\t\t\t<path fill=\"#fff\" d=\"M2 0a2 2 0 0 0-2 2v2h1.5V2a.5.5 0 0 1 .5-.5h2V0H2Zm2 10.5H2a.5.5 0 0 1-.5-.5V8H0v2a2 2 0 0 0 2 2h2v-1.5ZM8 12v-1.5h2a.5.5 0 0 0 .5-.5V8H12v2a2 2 0 0 1-2 2H8Zm2-12a2 2 0 0 1 2 2v2h-1.5V2a.5.5 0 0 0-.5-.5H8V0h2Z\" \/>\n\t\t\t<\/svg>\n\t\t<\/button><figcaption class=\"wp-element-caption\"><em>erstes Konzept von 2020<\/em><\/figcaption><\/figure>\n\n\n\n<figure data-wp-context=\"{&quot;imageId&quot;:&quot;69f2a6460dbec&quot;}\" data-wp-interactive=\"core\/image\" data-wp-key=\"69f2a6460dbec\" class=\"wp-block-image size-large is-style-default wp-lightbox-container\"><img loading=\"lazy\" decoding=\"async\" width=\"700\" height=\"525\" data-wp-class--hide=\"state.isContentHidden\" data-wp-class--show=\"state.isContentVisible\" data-wp-init=\"callbacks.setButtonStyles\" data-wp-on--click=\"actions.showLightbox\" data-wp-on--load=\"callbacks.setButtonStyles\" data-wp-on-window--resize=\"callbacks.setButtonStyles\" data-id=\"322\" src=\"https:\/\/levampyre.de\/blog\/wp-content\/uploads\/2024\/02\/2020_waldgarten-konzept-bunt-700x525.jpg\" alt=\"karierte Spiralblockseite mit einer Grafik, die mit Buntstiften eingef\u00e4hrbt ist, die Grafik zeigt gr\u00fcne Baumkronen und einen blauen Teich in der Mitte\" class=\"wp-image-322\" srcset=\"https:\/\/levampyre.de\/blog\/wp-content\/uploads\/2024\/02\/2020_waldgarten-konzept-bunt-700x525.jpg 700w, https:\/\/levampyre.de\/blog\/wp-content\/uploads\/2024\/02\/2020_waldgarten-konzept-bunt-300x225.jpg 300w, https:\/\/levampyre.de\/blog\/wp-content\/uploads\/2024\/02\/2020_waldgarten-konzept-bunt-768x576.jpg 768w, https:\/\/levampyre.de\/blog\/wp-content\/uploads\/2024\/02\/2020_waldgarten-konzept-bunt-1536x1152.jpg 1536w, https:\/\/levampyre.de\/blog\/wp-content\/uploads\/2024\/02\/2020_waldgarten-konzept-bunt-2048x1536.jpg 2048w\" sizes=\"auto, (max-width: 700px) 100vw, 700px\" \/><button\n\t\t\tclass=\"lightbox-trigger\"\n\t\t\ttype=\"button\"\n\t\t\taria-haspopup=\"dialog\"\n\t\t\taria-label=\"Vergr\u00f6\u00dfern\"\n\t\t\tdata-wp-init=\"callbacks.initTriggerButton\"\n\t\t\tdata-wp-on--click=\"actions.showLightbox\"\n\t\t\tdata-wp-style--right=\"state.imageButtonRight\"\n\t\t\tdata-wp-style--top=\"state.imageButtonTop\"\n\t\t>\n\t\t\t<svg xmlns=\"http:\/\/www.w3.org\/2000\/svg\" width=\"12\" height=\"12\" fill=\"none\" viewBox=\"0 0 12 12\">\n\t\t\t\t<path fill=\"#fff\" d=\"M2 0a2 2 0 0 0-2 2v2h1.5V2a.5.5 0 0 1 .5-.5h2V0H2Zm2 10.5H2a.5.5 0 0 1-.5-.5V8H0v2a2 2 0 0 0 2 2h2v-1.5ZM8 12v-1.5h2a.5.5 0 0 0 .5-.5V8H12v2a2 2 0 0 1-2 2H8Zm2-12a2 2 0 0 1 2 2v2h-1.5V2a.5.5 0 0 0-.5-.5H8V0h2Z\" \/>\n\t\t\t<\/svg>\n\t\t<\/button><figcaption class=\"wp-element-caption\"><em>selbes Konzept in bunt<\/em><\/figcaption><\/figure>\n<\/figure>\n\n\n\n<h2 class=\"wp-block-heading\">Der Anfang<\/h2>\n\n\n\n<p>Unser Waldgarten begann eigentlich bereits 2019, noch vor dem Kauf unseres Grundst\u00fccks &#8211; und zwar mit der Recherche mehrj\u00e4hriger, essbarer Geh\u00f6lze, die in unserem Klima wachsen. Brandenburg liegt theoretisch in der Winterh\u00e4rte-Zone 7b mit durchschnittlichen Tiefsttemperaturen von \u201314,9 bis \u201312,3 \u00b0C. Bananen und Orangen k\u00f6nnen hier im Winter nicht ohne Schutzma\u00dfnahmen \u00fcberleben, aber ein Wald aus lauter Apfelb\u00e4umen w\u00e4re auch irgendwie langweilig. Mithilfe von Plants For A Future (<a href=\"https:\/\/pfaf.org\/\" target=\"_blank\" rel=\"noreferrer noopener\">https:\/\/pfaf.org\/<\/a>) und der Wikipedia habe ich also eine Liste an f\u00fcr unsere Breiten geeigneten heimischen und fremdl\u00e4ndischen Geh\u00f6lzen erstellt und dazu wichtige Eigenschaften wie H\u00f6he, Wuchsform, Lichtanspr\u00fcche, Bodenanspr\u00fcche, Winterh\u00e4rte, Bl\u00fctezeit, Reifezeit, Wurzelform, H\u00e4usigkeit, Symbionten und Ahliches notiert. Dann bin ich mit diversen Pflanzenbestimmungs-Apps bewaffnet spazieren gegangen und habe es gelernt, die Pflanzen in meiner Liste zu bestimmen und wieder zu erkennen. Ich habe mir diverse Standpunkte von Exemplaren of Interest in meiner Nachbarschaft und damals noch urbanen Heimat notiert. (Das ist der Teil, der sp\u00e4ter noch mal zum Thema Aussaat relevant wird.)<\/p>\n\n\n\n<figure class=\"wp-block-gallery has-nested-images columns-default is-cropped wp-block-gallery-2 is-layout-flex wp-block-gallery-is-layout-flex\">\n<figure data-wp-context=\"{&quot;imageId&quot;:&quot;69f2a6460ec5e&quot;}\" data-wp-interactive=\"core\/image\" data-wp-key=\"69f2a6460ec5e\" class=\"wp-block-image size-large wp-lightbox-container\"><img loading=\"lazy\" decoding=\"async\" width=\"700\" height=\"525\" data-wp-class--hide=\"state.isContentHidden\" data-wp-class--show=\"state.isContentVisible\" data-wp-init=\"callbacks.setButtonStyles\" data-wp-on--click=\"actions.showLightbox\" data-wp-on--load=\"callbacks.setButtonStyles\" data-wp-on-window--resize=\"callbacks.setButtonStyles\" data-id=\"324\" src=\"https:\/\/levampyre.de\/blog\/wp-content\/uploads\/2024\/02\/2020_waldgarten-oase-700x525.jpg\" alt=\"\" class=\"wp-image-324\" srcset=\"https:\/\/levampyre.de\/blog\/wp-content\/uploads\/2024\/02\/2020_waldgarten-oase-700x525.jpg 700w, https:\/\/levampyre.de\/blog\/wp-content\/uploads\/2024\/02\/2020_waldgarten-oase-300x225.jpg 300w, https:\/\/levampyre.de\/blog\/wp-content\/uploads\/2024\/02\/2020_waldgarten-oase-768x576.jpg 768w, https:\/\/levampyre.de\/blog\/wp-content\/uploads\/2024\/02\/2020_waldgarten-oase-1536x1152.jpg 1536w, https:\/\/levampyre.de\/blog\/wp-content\/uploads\/2024\/02\/2020_waldgarten-oase-2048x1536.jpg 2048w\" sizes=\"auto, (max-width: 700px) 100vw, 700px\" \/><button\n\t\t\tclass=\"lightbox-trigger\"\n\t\t\ttype=\"button\"\n\t\t\taria-haspopup=\"dialog\"\n\t\t\taria-label=\"Vergr\u00f6\u00dfern\"\n\t\t\tdata-wp-init=\"callbacks.initTriggerButton\"\n\t\t\tdata-wp-on--click=\"actions.showLightbox\"\n\t\t\tdata-wp-style--right=\"state.imageButtonRight\"\n\t\t\tdata-wp-style--top=\"state.imageButtonTop\"\n\t\t>\n\t\t\t<svg xmlns=\"http:\/\/www.w3.org\/2000\/svg\" width=\"12\" height=\"12\" fill=\"none\" viewBox=\"0 0 12 12\">\n\t\t\t\t<path fill=\"#fff\" d=\"M2 0a2 2 0 0 0-2 2v2h1.5V2a.5.5 0 0 1 .5-.5h2V0H2Zm2 10.5H2a.5.5 0 0 1-.5-.5V8H0v2a2 2 0 0 0 2 2h2v-1.5ZM8 12v-1.5h2a.5.5 0 0 0 .5-.5V8H12v2a2 2 0 0 1-2 2H8Zm2-12a2 2 0 0 1 2 2v2h-1.5V2a.5.5 0 0 0-.5-.5H8V0h2Z\" \/>\n\t\t\t<\/svg>\n\t\t<\/button><figcaption class=\"wp-element-caption\"><em>Die &#8222;Oase&#8220; im April 2020<\/em><\/figcaption><\/figure>\n\n\n\n<figure data-wp-context=\"{&quot;imageId&quot;:&quot;69f2a6460f195&quot;}\" data-wp-interactive=\"core\/image\" data-wp-key=\"69f2a6460f195\" class=\"wp-block-image size-large wp-lightbox-container\"><img loading=\"lazy\" decoding=\"async\" width=\"700\" height=\"519\" data-wp-class--hide=\"state.isContentHidden\" data-wp-class--show=\"state.isContentVisible\" data-wp-init=\"callbacks.setButtonStyles\" data-wp-on--click=\"actions.showLightbox\" data-wp-on--load=\"callbacks.setButtonStyles\" data-wp-on-window--resize=\"callbacks.setButtonStyles\" data-id=\"326\" src=\"https:\/\/levampyre.de\/blog\/wp-content\/uploads\/2024\/02\/2021_waldgarten-oase-3-700x519.jpg\" alt=\"\" class=\"wp-image-326\" srcset=\"https:\/\/levampyre.de\/blog\/wp-content\/uploads\/2024\/02\/2021_waldgarten-oase-3-700x519.jpg 700w, https:\/\/levampyre.de\/blog\/wp-content\/uploads\/2024\/02\/2021_waldgarten-oase-3-300x222.jpg 300w, https:\/\/levampyre.de\/blog\/wp-content\/uploads\/2024\/02\/2021_waldgarten-oase-3-768x569.jpg 768w, https:\/\/levampyre.de\/blog\/wp-content\/uploads\/2024\/02\/2021_waldgarten-oase-3-1536x1139.jpg 1536w, https:\/\/levampyre.de\/blog\/wp-content\/uploads\/2024\/02\/2021_waldgarten-oase-3-2048x1518.jpg 2048w\" sizes=\"auto, (max-width: 700px) 100vw, 700px\" \/><button\n\t\t\tclass=\"lightbox-trigger\"\n\t\t\ttype=\"button\"\n\t\t\taria-haspopup=\"dialog\"\n\t\t\taria-label=\"Vergr\u00f6\u00dfern\"\n\t\t\tdata-wp-init=\"callbacks.initTriggerButton\"\n\t\t\tdata-wp-on--click=\"actions.showLightbox\"\n\t\t\tdata-wp-style--right=\"state.imageButtonRight\"\n\t\t\tdata-wp-style--top=\"state.imageButtonTop\"\n\t\t>\n\t\t\t<svg xmlns=\"http:\/\/www.w3.org\/2000\/svg\" width=\"12\" height=\"12\" fill=\"none\" viewBox=\"0 0 12 12\">\n\t\t\t\t<path fill=\"#fff\" d=\"M2 0a2 2 0 0 0-2 2v2h1.5V2a.5.5 0 0 1 .5-.5h2V0H2Zm2 10.5H2a.5.5 0 0 1-.5-.5V8H0v2a2 2 0 0 0 2 2h2v-1.5ZM8 12v-1.5h2a.5.5 0 0 0 .5-.5V8H12v2a2 2 0 0 1-2 2H8Zm2-12a2 2 0 0 1 2 2v2h-1.5V2a.5.5 0 0 0-.5-.5H8V0h2Z\" \/>\n\t\t\t<\/svg>\n\t\t<\/button><figcaption class=\"wp-element-caption\"><em>Die &#8222;Oase&#8220; im Mai 2021<\/em><\/figcaption><\/figure>\n\n\n\n<figure data-wp-context=\"{&quot;imageId&quot;:&quot;69f2a6460f6f4&quot;}\" data-wp-interactive=\"core\/image\" data-wp-key=\"69f2a6460f6f4\" class=\"wp-block-image size-large wp-lightbox-container\"><img loading=\"lazy\" decoding=\"async\" width=\"700\" height=\"519\" data-wp-class--hide=\"state.isContentHidden\" data-wp-class--show=\"state.isContentVisible\" data-wp-init=\"callbacks.setButtonStyles\" data-wp-on--click=\"actions.showLightbox\" data-wp-on--load=\"callbacks.setButtonStyles\" data-wp-on-window--resize=\"callbacks.setButtonStyles\" data-id=\"328\" src=\"https:\/\/levampyre.de\/blog\/wp-content\/uploads\/2024\/02\/2022_waldgarten-oase-700x519.jpg\" alt=\"\" class=\"wp-image-328\" srcset=\"https:\/\/levampyre.de\/blog\/wp-content\/uploads\/2024\/02\/2022_waldgarten-oase-700x519.jpg 700w, https:\/\/levampyre.de\/blog\/wp-content\/uploads\/2024\/02\/2022_waldgarten-oase-300x222.jpg 300w, https:\/\/levampyre.de\/blog\/wp-content\/uploads\/2024\/02\/2022_waldgarten-oase-768x569.jpg 768w, https:\/\/levampyre.de\/blog\/wp-content\/uploads\/2024\/02\/2022_waldgarten-oase-1536x1139.jpg 1536w, https:\/\/levampyre.de\/blog\/wp-content\/uploads\/2024\/02\/2022_waldgarten-oase-2048x1518.jpg 2048w\" sizes=\"auto, (max-width: 700px) 100vw, 700px\" \/><button\n\t\t\tclass=\"lightbox-trigger\"\n\t\t\ttype=\"button\"\n\t\t\taria-haspopup=\"dialog\"\n\t\t\taria-label=\"Vergr\u00f6\u00dfern\"\n\t\t\tdata-wp-init=\"callbacks.initTriggerButton\"\n\t\t\tdata-wp-on--click=\"actions.showLightbox\"\n\t\t\tdata-wp-style--right=\"state.imageButtonRight\"\n\t\t\tdata-wp-style--top=\"state.imageButtonTop\"\n\t\t>\n\t\t\t<svg xmlns=\"http:\/\/www.w3.org\/2000\/svg\" width=\"12\" height=\"12\" fill=\"none\" viewBox=\"0 0 12 12\">\n\t\t\t\t<path fill=\"#fff\" d=\"M2 0a2 2 0 0 0-2 2v2h1.5V2a.5.5 0 0 1 .5-.5h2V0H2Zm2 10.5H2a.5.5 0 0 1-.5-.5V8H0v2a2 2 0 0 0 2 2h2v-1.5ZM8 12v-1.5h2a.5.5 0 0 0 .5-.5V8H12v2a2 2 0 0 1-2 2H8Zm2-12a2 2 0 0 1 2 2v2h-1.5V2a.5.5 0 0 0-.5-.5H8V0h2Z\" \/>\n\t\t\t<\/svg>\n\t\t<\/button><figcaption class=\"wp-element-caption\"><em>Die &#8222;Oase&#8220; im M\u00e4rz 2022<\/em><\/figcaption><\/figure>\n<\/figure>\n\n\n\n<p>Mit den ersten Pflanzungen habe ich im Herbst 2020 begonnen. Daf\u00fcr habe ich mir eine Fl\u00e4che von ca. 10 x 10 m im Nordosten des zuk\u00fcnftigen Waldgartens ausgesucht und mit einem mobilen Weide-Zaun abgesteckt.  Die Idee war, dort eine erste, kleine Oase zu etablieren, in der die Pflanzen noch relativ gesch\u00fctzt sind und gut versorgt wachsen k\u00f6nnen. Von diesen &#8222;Mutterpflanzen&#8220; m\u00f6chte ich dann Stecklinge f\u00fcr die Vermehrung machen und Saatgut nehmen, um nach und nach ausreichend viele und ausreichend preiswerte, n\u00fctzliche Pflanzen f\u00fcr die gesamte Fl\u00e4che zu gewinnen. Als erstes habe ich vier verschiedene Sorten Sanddorn gekauft (darunter ein m\u00e4nnliches Exemplar f\u00fcr die Befruchtung). Die Sanddorne habe ich mit viel Kompost im Pflanzloch direkt auf den Sandh\u00fcgel, also den Hang oder &#8222;die D\u00fcne&#8220; gepflanzt. Sanddorne haben die F\u00e4higkeit, Luftstickstoff zu binden und sind daher in der Lage, mit relativ n\u00e4hrstoffarmen, kargen Sandb\u00f6den klar zu kommen. Au\u00dferdem bilden Sanddorne Wurzelausl\u00e4ufer und helfen somit, den Hang zu befestigen und ein Abrutschen bei Starkregen zu verhindern. Um die Sanddorne herum habe ich Holzh\u00e4cksel verteilt, die eine Mulchschicht bilden, dort &#8222;in situ&#8220; kompostieren und etwas mehr Feuchtigkeit speichern.<\/p>\n\n\n\n<figure class=\"wp-block-gallery has-nested-images columns-default is-cropped wp-block-gallery-3 is-layout-flex wp-block-gallery-is-layout-flex\">\n<figure data-wp-context=\"{&quot;imageId&quot;:&quot;69f2a6460fdf3&quot;}\" data-wp-interactive=\"core\/image\" data-wp-key=\"69f2a6460fdf3\" class=\"wp-block-image size-large wp-lightbox-container\"><img loading=\"lazy\" decoding=\"async\" width=\"700\" height=\"519\" data-wp-class--hide=\"state.isContentHidden\" data-wp-class--show=\"state.isContentVisible\" data-wp-init=\"callbacks.setButtonStyles\" data-wp-on--click=\"actions.showLightbox\" data-wp-on--load=\"callbacks.setButtonStyles\" data-wp-on-window--resize=\"callbacks.setButtonStyles\" data-id=\"329\" src=\"https:\/\/levampyre.de\/blog\/wp-content\/uploads\/2024\/02\/2020_waldgarten-sanddorn-700x519.jpg\" alt=\"\" class=\"wp-image-329\" srcset=\"https:\/\/levampyre.de\/blog\/wp-content\/uploads\/2024\/02\/2020_waldgarten-sanddorn-700x519.jpg 700w, https:\/\/levampyre.de\/blog\/wp-content\/uploads\/2024\/02\/2020_waldgarten-sanddorn-300x222.jpg 300w, https:\/\/levampyre.de\/blog\/wp-content\/uploads\/2024\/02\/2020_waldgarten-sanddorn-768x569.jpg 768w, https:\/\/levampyre.de\/blog\/wp-content\/uploads\/2024\/02\/2020_waldgarten-sanddorn-1536x1139.jpg 1536w, https:\/\/levampyre.de\/blog\/wp-content\/uploads\/2024\/02\/2020_waldgarten-sanddorn-2048x1518.jpg 2048w\" sizes=\"auto, (max-width: 700px) 100vw, 700px\" \/><button\n\t\t\tclass=\"lightbox-trigger\"\n\t\t\ttype=\"button\"\n\t\t\taria-haspopup=\"dialog\"\n\t\t\taria-label=\"Vergr\u00f6\u00dfern\"\n\t\t\tdata-wp-init=\"callbacks.initTriggerButton\"\n\t\t\tdata-wp-on--click=\"actions.showLightbox\"\n\t\t\tdata-wp-style--right=\"state.imageButtonRight\"\n\t\t\tdata-wp-style--top=\"state.imageButtonTop\"\n\t\t>\n\t\t\t<svg xmlns=\"http:\/\/www.w3.org\/2000\/svg\" width=\"12\" height=\"12\" fill=\"none\" viewBox=\"0 0 12 12\">\n\t\t\t\t<path fill=\"#fff\" d=\"M2 0a2 2 0 0 0-2 2v2h1.5V2a.5.5 0 0 1 .5-.5h2V0H2Zm2 10.5H2a.5.5 0 0 1-.5-.5V8H0v2a2 2 0 0 0 2 2h2v-1.5ZM8 12v-1.5h2a.5.5 0 0 0 .5-.5V8H12v2a2 2 0 0 1-2 2H8Zm2-12a2 2 0 0 1 2 2v2h-1.5V2a.5.5 0 0 0-.5-.5H8V0h2Z\" \/>\n\t\t\t<\/svg>\n\t\t<\/button><figcaption class=\"wp-element-caption\"><em>Erste Pflanzung im September 2020, Sanddorn<\/em><\/figcaption><\/figure>\n\n\n\n<figure data-wp-context=\"{&quot;imageId&quot;:&quot;69f2a646102fb&quot;}\" data-wp-interactive=\"core\/image\" data-wp-key=\"69f2a646102fb\" class=\"wp-block-image size-large wp-lightbox-container\"><img loading=\"lazy\" decoding=\"async\" width=\"700\" height=\"519\" data-wp-class--hide=\"state.isContentHidden\" data-wp-class--show=\"state.isContentVisible\" data-wp-init=\"callbacks.setButtonStyles\" data-wp-on--click=\"actions.showLightbox\" data-wp-on--load=\"callbacks.setButtonStyles\" data-wp-on-window--resize=\"callbacks.setButtonStyles\" data-id=\"330\" src=\"https:\/\/levampyre.de\/blog\/wp-content\/uploads\/2024\/02\/2020_waldgarten-wildobsthecke-700x519.jpg\" alt=\"\" class=\"wp-image-330\" srcset=\"https:\/\/levampyre.de\/blog\/wp-content\/uploads\/2024\/02\/2020_waldgarten-wildobsthecke-700x519.jpg 700w, https:\/\/levampyre.de\/blog\/wp-content\/uploads\/2024\/02\/2020_waldgarten-wildobsthecke-300x222.jpg 300w, https:\/\/levampyre.de\/blog\/wp-content\/uploads\/2024\/02\/2020_waldgarten-wildobsthecke-768x569.jpg 768w, https:\/\/levampyre.de\/blog\/wp-content\/uploads\/2024\/02\/2020_waldgarten-wildobsthecke-1536x1139.jpg 1536w, https:\/\/levampyre.de\/blog\/wp-content\/uploads\/2024\/02\/2020_waldgarten-wildobsthecke-2048x1518.jpg 2048w\" sizes=\"auto, (max-width: 700px) 100vw, 700px\" \/><button\n\t\t\tclass=\"lightbox-trigger\"\n\t\t\ttype=\"button\"\n\t\t\taria-haspopup=\"dialog\"\n\t\t\taria-label=\"Vergr\u00f6\u00dfern\"\n\t\t\tdata-wp-init=\"callbacks.initTriggerButton\"\n\t\t\tdata-wp-on--click=\"actions.showLightbox\"\n\t\t\tdata-wp-style--right=\"state.imageButtonRight\"\n\t\t\tdata-wp-style--top=\"state.imageButtonTop\"\n\t\t>\n\t\t\t<svg xmlns=\"http:\/\/www.w3.org\/2000\/svg\" width=\"12\" height=\"12\" fill=\"none\" viewBox=\"0 0 12 12\">\n\t\t\t\t<path fill=\"#fff\" d=\"M2 0a2 2 0 0 0-2 2v2h1.5V2a.5.5 0 0 1 .5-.5h2V0H2Zm2 10.5H2a.5.5 0 0 1-.5-.5V8H0v2a2 2 0 0 0 2 2h2v-1.5ZM8 12v-1.5h2a.5.5 0 0 0 .5-.5V8H12v2a2 2 0 0 1-2 2H8Zm2-12a2 2 0 0 1 2 2v2h-1.5V2a.5.5 0 0 0-.5-.5H8V0h2Z\" \/>\n\t\t\t<\/svg>\n\t\t<\/button><figcaption class=\"wp-element-caption\"><em>Die Anf\u00e4nge der Wildobsthecke im Oktober 2020<\/em><\/figcaption><\/figure>\n<\/figure>\n\n\n\n<p>Auch an der oberen Konturlinie des Hangs entlang, da wo irgendwann die Wildobsthecke wachsen soll, habe ich schon mal der L\u00e4nge nach Holzh\u00e4cksel verteilt. Diese verrotten dort langsam vor sich hin und reichern den Boden so schon mal mit N\u00e4hrstoffen und organischem Material an. Kurz darauf habe ich je zwei gekaufte Schlehen, Berberitzen und Kornelkirschen am n\u00f6rdlichen Ende des Hangs als erste Vertreterinnen der Wildobsthecke gepflanzt. Auch die Schlehen bilden Wurzelausl\u00e4ufer und sichern somit den Hang. Au\u00dferdem haben sie sch\u00f6ne Dornen, \u00fcber die sich jeder Siebent\u00f6ter freut. Auch Kornelkirschen und Berberitzen sollen recht gen\u00fcgsam sein, so dass ich dachte, ich k\u00f6nne es wagen, sie schon zu pflanzen. (Zumindest die Kornelkirschen scheinen aber doch ein wenig mehr Aufmerksamkeit zu ben\u00f6tigen; eine teure, veredelte Sorte, &#8222;Golden Glory&#8220; ist mir bereits eingegangen.) Eigentlich h\u00e4tte ich auch gerne gleich zwei Wei\u00dfdorne gepflanzt. Aber weder beim Biogartenversand meines Vertrauens, noch in den mir zug\u00e4nglichen Gartencentern gab es damals Wei\u00dfdorne zu kaufen.<\/p>\n\n\n\n<h2 class=\"wp-block-heading\">Die Aussaat<\/h2>\n\n\n\n<p>Von diversen Wanderungen und Rad-Ausfl\u00fcgen mit den Kindern wu\u00dfte ich allerdings, dass es in unserer n\u00e4heren Umgebung einige wildwachsende Wei\u00dfdorne gibt. Also habe ich im Herbst einfach ein paar reife Beeren von verschiedenen Pflanzen gepfl\u00fcckt. Nach der sogenannten &#8222;<a href=\"https:\/\/www.bzfe.de\/nachhaltiger-konsum\/staedte-essbar-machen\/ernten-auf-oeffentlichen-flaechen\/\" data-type=\"link\" data-id=\"https:\/\/www.bzfe.de\/nachhaltiger-konsum\/staedte-essbar-machen\/ernten-auf-oeffentlichen-flaechen\/\" target=\"_blank\" rel=\"noreferrer noopener\">Handstrau\u00dfregel<\/a>&#8220; aus dem Bundesnaturschutzgesetz ist das auch erlaubt. Auch in der Stadt darf man z.B. Fr\u00fcchte von Parkb\u00e4umen in geringen Mengen f\u00fcr den pers\u00f6nlichen Bedarf (d.h. nicht f\u00fcr gewerbliche Zwecke) entnehmen. Fr\u00fcchte enthalten bekanntermassen Samen und Samen sind der Weg, auf dem sich fruchtende Geh\u00f6lze in nat\u00fcrlicher Umgebung vermehren. Ich habe also die abgesammelten reifen Wei\u00dfdorn-Beeren einfach direkt in einen mit Erde gef\u00fcllten Pflanztopf getan und diesen Topf drau\u00dfen im Schatten zum \u00dcberwintern stehen lassen. Au\u00dferdem hatten mir Freunde aus dem Odenwald eine Kiste mit selbst gesammelten Maronen zum Geburtstag geschickt. Auch von denen steckte ich einige in mit Erde gef\u00fcllte M\u00f6rtelk\u00fcbel und lie\u00df diese drau\u00dfen im Schatten \u00fcberwintern. Andere Maronen steckte ich einfach in unserem Wald, d.h. unserer Kiefernmonokultur, direkt in den Boden. Im n\u00e4chsten Fr\u00fchjahr wuchsen in den K\u00fcbeln kleine Esskastanien und in den T\u00f6pfen kleine Wei\u00dfdorne und die Freude war riesig, als auch im Wald winzige, kleine Esskastanien-Babies ihre Keimbl\u00e4tter aus der Erde steckten.<\/p>\n\n\n\n<figure class=\"wp-block-gallery has-nested-images columns-default is-cropped wp-block-gallery-4 is-layout-flex wp-block-gallery-is-layout-flex\">\n<figure data-wp-context=\"{&quot;imageId&quot;:&quot;69f2a64610aa8&quot;}\" data-wp-interactive=\"core\/image\" data-wp-key=\"69f2a64610aa8\" class=\"wp-block-image size-large wp-lightbox-container\"><img loading=\"lazy\" decoding=\"async\" width=\"700\" height=\"944\" data-wp-class--hide=\"state.isContentHidden\" data-wp-class--show=\"state.isContentVisible\" data-wp-init=\"callbacks.setButtonStyles\" data-wp-on--click=\"actions.showLightbox\" data-wp-on--load=\"callbacks.setButtonStyles\" data-wp-on-window--resize=\"callbacks.setButtonStyles\" data-id=\"336\" src=\"https:\/\/levampyre.de\/blog\/wp-content\/uploads\/2024\/02\/2020_waldgarten_esskastanien-700x944.jpg\" alt=\"\" class=\"wp-image-336\" srcset=\"https:\/\/levampyre.de\/blog\/wp-content\/uploads\/2024\/02\/2020_waldgarten_esskastanien-700x944.jpg 700w, https:\/\/levampyre.de\/blog\/wp-content\/uploads\/2024\/02\/2020_waldgarten_esskastanien-222x300.jpg 222w, https:\/\/levampyre.de\/blog\/wp-content\/uploads\/2024\/02\/2020_waldgarten_esskastanien-768x1036.jpg 768w, https:\/\/levampyre.de\/blog\/wp-content\/uploads\/2024\/02\/2020_waldgarten_esskastanien-1139x1536.jpg 1139w, https:\/\/levampyre.de\/blog\/wp-content\/uploads\/2024\/02\/2020_waldgarten_esskastanien-1518x2048.jpg 1518w, https:\/\/levampyre.de\/blog\/wp-content\/uploads\/2024\/02\/2020_waldgarten_esskastanien-scaled.jpg 1898w\" sizes=\"auto, (max-width: 700px) 100vw, 700px\" \/><button\n\t\t\tclass=\"lightbox-trigger\"\n\t\t\ttype=\"button\"\n\t\t\taria-haspopup=\"dialog\"\n\t\t\taria-label=\"Vergr\u00f6\u00dfern\"\n\t\t\tdata-wp-init=\"callbacks.initTriggerButton\"\n\t\t\tdata-wp-on--click=\"actions.showLightbox\"\n\t\t\tdata-wp-style--right=\"state.imageButtonRight\"\n\t\t\tdata-wp-style--top=\"state.imageButtonTop\"\n\t\t>\n\t\t\t<svg xmlns=\"http:\/\/www.w3.org\/2000\/svg\" width=\"12\" height=\"12\" fill=\"none\" viewBox=\"0 0 12 12\">\n\t\t\t\t<path fill=\"#fff\" d=\"M2 0a2 2 0 0 0-2 2v2h1.5V2a.5.5 0 0 1 .5-.5h2V0H2Zm2 10.5H2a.5.5 0 0 1-.5-.5V8H0v2a2 2 0 0 0 2 2h2v-1.5ZM8 12v-1.5h2a.5.5 0 0 0 .5-.5V8H12v2a2 2 0 0 1-2 2H8Zm2-12a2 2 0 0 1 2 2v2h-1.5V2a.5.5 0 0 0-.5-.5H8V0h2Z\" \/>\n\t\t\t<\/svg>\n\t\t<\/button><figcaption class=\"wp-element-caption\"><em>Saatgut von Esskastanien<\/em><\/figcaption><\/figure>\n\n\n\n<figure class=\"wp-block-image size-large\"><img loading=\"lazy\" decoding=\"async\" width=\"700\" height=\"519\" data-id=\"337\" src=\"https:\/\/levampyre.de\/blog\/wp-content\/uploads\/2024\/02\/2020_waldgarten-rotdorn-hagebutten-700x519.jpg\" alt=\"\" class=\"wp-image-337\" srcset=\"https:\/\/levampyre.de\/blog\/wp-content\/uploads\/2024\/02\/2020_waldgarten-rotdorn-hagebutten-700x519.jpg 700w, https:\/\/levampyre.de\/blog\/wp-content\/uploads\/2024\/02\/2020_waldgarten-rotdorn-hagebutten-300x222.jpg 300w, https:\/\/levampyre.de\/blog\/wp-content\/uploads\/2024\/02\/2020_waldgarten-rotdorn-hagebutten-768x569.jpg 768w, https:\/\/levampyre.de\/blog\/wp-content\/uploads\/2024\/02\/2020_waldgarten-rotdorn-hagebutten-1536x1139.jpg 1536w, https:\/\/levampyre.de\/blog\/wp-content\/uploads\/2024\/02\/2020_waldgarten-rotdorn-hagebutten-2048x1518.jpg 2048w\" sizes=\"auto, (max-width: 700px) 100vw, 700px\" \/><figcaption class=\"wp-element-caption\"><em>Saatgut von Wei\u00dfdorn &amp; Hundsrose<\/em><\/figcaption><\/figure>\n<\/figure>\n\n\n\n<p>Die Jungpflanzen in den K\u00fcbeln und T\u00f6pfen p\u00e4ppelte ich den Sommer \u00fcber. Weil die Gef\u00e4\u00dfe im Schatten standen, mu\u00dfte ich nur ab und an mal gie\u00dfen. Die Esskastanien, die ich direkt in den Wald ges\u00e4t hatte, wurden gar nicht gegossen. Viele Waldb\u00e4ume wachsen im Schatten auch besonders gut und gesund, weil sie evolution\u00e4r an diese Bedingungen angepa\u00dft sind. Wegen des geschlossenen Bl\u00e4tterdachs der Altb\u00e4ume dringt in einem Wald oft wenig Licht bis zu den Jungpflanzen am Boden hindurch. Es gibt richtige &#8222;Schattenb\u00e4ume&#8220;, Buchen zum Beispiel, die m\u00f6gen gar nicht gerne im Licht heranwachsen. Die sogenannten &#8222;Lichtb\u00e4ume&#8220;, z.B. Eichen, kann man dagegen auch in die Sonne pflanzen. Deshalb eignet sich eine Kiefernmonokultur auch hervorragend f\u00fcr den Waldumbau mit Buchen, besser als eine gerohdete Fl\u00e4che, weil die jungen Buchen im Schatten der Kiefern so langsam heranwachsen k\u00f6nnen, wie sie das f\u00fcr ein gesundes Wachstum brauchen. Im Waldgarten fehlen uns allerdings &#8222;Ammenb\u00e4ume&#8220;, in deren Schatten die Jungpflanzen heranwachsen k\u00f6nnen, weshalb ich meine Baumschule im k\u00fcnstlichen Schatten des See-Containers direkt neben unserem Brunnen (Grundwasserpegelmessstation) eingerichtet habe.<\/p>\n\n\n\n<figure class=\"wp-block-gallery has-nested-images columns-default is-cropped wp-block-gallery-5 is-layout-flex wp-block-gallery-is-layout-flex\">\n<figure data-wp-context=\"{&quot;imageId&quot;:&quot;69f2a646112b1&quot;}\" data-wp-interactive=\"core\/image\" data-wp-key=\"69f2a646112b1\" class=\"wp-block-image size-large wp-lightbox-container\"><img loading=\"lazy\" decoding=\"async\" width=\"700\" height=\"944\" data-wp-class--hide=\"state.isContentHidden\" data-wp-class--show=\"state.isContentVisible\" data-wp-init=\"callbacks.setButtonStyles\" data-wp-on--click=\"actions.showLightbox\" data-wp-on--load=\"callbacks.setButtonStyles\" data-wp-on-window--resize=\"callbacks.setButtonStyles\" data-id=\"333\" src=\"https:\/\/levampyre.de\/blog\/wp-content\/uploads\/2024\/02\/2021_waldgarten-esskastanien-700x944.jpg\" alt=\"\" class=\"wp-image-333\" srcset=\"https:\/\/levampyre.de\/blog\/wp-content\/uploads\/2024\/02\/2021_waldgarten-esskastanien-700x944.jpg 700w, https:\/\/levampyre.de\/blog\/wp-content\/uploads\/2024\/02\/2021_waldgarten-esskastanien-222x300.jpg 222w, https:\/\/levampyre.de\/blog\/wp-content\/uploads\/2024\/02\/2021_waldgarten-esskastanien-768x1036.jpg 768w, https:\/\/levampyre.de\/blog\/wp-content\/uploads\/2024\/02\/2021_waldgarten-esskastanien-1139x1536.jpg 1139w, https:\/\/levampyre.de\/blog\/wp-content\/uploads\/2024\/02\/2021_waldgarten-esskastanien-1518x2048.jpg 1518w, https:\/\/levampyre.de\/blog\/wp-content\/uploads\/2024\/02\/2021_waldgarten-esskastanien-scaled.jpg 1898w\" sizes=\"auto, (max-width: 700px) 100vw, 700px\" \/><button\n\t\t\tclass=\"lightbox-trigger\"\n\t\t\ttype=\"button\"\n\t\t\taria-haspopup=\"dialog\"\n\t\t\taria-label=\"Vergr\u00f6\u00dfern\"\n\t\t\tdata-wp-init=\"callbacks.initTriggerButton\"\n\t\t\tdata-wp-on--click=\"actions.showLightbox\"\n\t\t\tdata-wp-style--right=\"state.imageButtonRight\"\n\t\t\tdata-wp-style--top=\"state.imageButtonTop\"\n\t\t>\n\t\t\t<svg xmlns=\"http:\/\/www.w3.org\/2000\/svg\" width=\"12\" height=\"12\" fill=\"none\" viewBox=\"0 0 12 12\">\n\t\t\t\t<path fill=\"#fff\" d=\"M2 0a2 2 0 0 0-2 2v2h1.5V2a.5.5 0 0 1 .5-.5h2V0H2Zm2 10.5H2a.5.5 0 0 1-.5-.5V8H0v2a2 2 0 0 0 2 2h2v-1.5ZM8 12v-1.5h2a.5.5 0 0 0 .5-.5V8H12v2a2 2 0 0 1-2 2H8Zm2-12a2 2 0 0 1 2 2v2h-1.5V2a.5.5 0 0 0-.5-.5H8V0h2Z\" \/>\n\t\t\t<\/svg>\n\t\t<\/button><figcaption class=\"wp-element-caption\"><em>Im Fr\u00fchjahr 2021: Esskastanien<\/em><\/figcaption><\/figure>\n\n\n\n<figure data-wp-context=\"{&quot;imageId&quot;:&quot;69f2a646117d2&quot;}\" data-wp-interactive=\"core\/image\" data-wp-key=\"69f2a646117d2\" class=\"wp-block-image size-large wp-lightbox-container\"><img loading=\"lazy\" decoding=\"async\" width=\"700\" height=\"944\" data-wp-class--hide=\"state.isContentHidden\" data-wp-class--show=\"state.isContentVisible\" data-wp-init=\"callbacks.setButtonStyles\" data-wp-on--click=\"actions.showLightbox\" data-wp-on--load=\"callbacks.setButtonStyles\" data-wp-on-window--resize=\"callbacks.setButtonStyles\" data-id=\"338\" src=\"https:\/\/levampyre.de\/blog\/wp-content\/uploads\/2024\/02\/2021_forst_esskastanie-700x944.jpg\" alt=\"\" class=\"wp-image-338\" srcset=\"https:\/\/levampyre.de\/blog\/wp-content\/uploads\/2024\/02\/2021_forst_esskastanie-700x944.jpg 700w, https:\/\/levampyre.de\/blog\/wp-content\/uploads\/2024\/02\/2021_forst_esskastanie-222x300.jpg 222w, https:\/\/levampyre.de\/blog\/wp-content\/uploads\/2024\/02\/2021_forst_esskastanie-768x1036.jpg 768w, https:\/\/levampyre.de\/blog\/wp-content\/uploads\/2024\/02\/2021_forst_esskastanie-1139x1536.jpg 1139w, https:\/\/levampyre.de\/blog\/wp-content\/uploads\/2024\/02\/2021_forst_esskastanie-1518x2048.jpg 1518w, https:\/\/levampyre.de\/blog\/wp-content\/uploads\/2024\/02\/2021_forst_esskastanie-scaled.jpg 1898w\" sizes=\"auto, (max-width: 700px) 100vw, 700px\" \/><button\n\t\t\tclass=\"lightbox-trigger\"\n\t\t\ttype=\"button\"\n\t\t\taria-haspopup=\"dialog\"\n\t\t\taria-label=\"Vergr\u00f6\u00dfern\"\n\t\t\tdata-wp-init=\"callbacks.initTriggerButton\"\n\t\t\tdata-wp-on--click=\"actions.showLightbox\"\n\t\t\tdata-wp-style--right=\"state.imageButtonRight\"\n\t\t\tdata-wp-style--top=\"state.imageButtonTop\"\n\t\t>\n\t\t\t<svg xmlns=\"http:\/\/www.w3.org\/2000\/svg\" width=\"12\" height=\"12\" fill=\"none\" viewBox=\"0 0 12 12\">\n\t\t\t\t<path fill=\"#fff\" d=\"M2 0a2 2 0 0 0-2 2v2h1.5V2a.5.5 0 0 1 .5-.5h2V0H2Zm2 10.5H2a.5.5 0 0 1-.5-.5V8H0v2a2 2 0 0 0 2 2h2v-1.5ZM8 12v-1.5h2a.5.5 0 0 0 .5-.5V8H12v2a2 2 0 0 1-2 2H8Zm2-12a2 2 0 0 1 2 2v2h-1.5V2a.5.5 0 0 0-.5-.5H8V0h2Z\" \/>\n\t\t\t<\/svg>\n\t\t<\/button><figcaption class=\"wp-element-caption\"><em>Esskastanie von 2021 im Wald<\/em><\/figcaption><\/figure>\n\n\n\n<figure data-wp-context=\"{&quot;imageId&quot;:&quot;69f2a64611cd2&quot;}\" data-wp-interactive=\"core\/image\" data-wp-key=\"69f2a64611cd2\" class=\"wp-block-image size-large wp-lightbox-container\"><img loading=\"lazy\" decoding=\"async\" width=\"700\" height=\"944\" data-wp-class--hide=\"state.isContentHidden\" data-wp-class--show=\"state.isContentVisible\" data-wp-init=\"callbacks.setButtonStyles\" data-wp-on--click=\"actions.showLightbox\" data-wp-on--load=\"callbacks.setButtonStyles\" data-wp-on-window--resize=\"callbacks.setButtonStyles\" data-id=\"334\" src=\"https:\/\/levampyre.de\/blog\/wp-content\/uploads\/2024\/02\/2021_waldgaren-baumhaseln-700x944.jpg\" alt=\"\" class=\"wp-image-334\" srcset=\"https:\/\/levampyre.de\/blog\/wp-content\/uploads\/2024\/02\/2021_waldgaren-baumhaseln-700x944.jpg 700w, https:\/\/levampyre.de\/blog\/wp-content\/uploads\/2024\/02\/2021_waldgaren-baumhaseln-222x300.jpg 222w, https:\/\/levampyre.de\/blog\/wp-content\/uploads\/2024\/02\/2021_waldgaren-baumhaseln-768x1036.jpg 768w, https:\/\/levampyre.de\/blog\/wp-content\/uploads\/2024\/02\/2021_waldgaren-baumhaseln-1139x1536.jpg 1139w, https:\/\/levampyre.de\/blog\/wp-content\/uploads\/2024\/02\/2021_waldgaren-baumhaseln-1518x2048.jpg 1518w, https:\/\/levampyre.de\/blog\/wp-content\/uploads\/2024\/02\/2021_waldgaren-baumhaseln-scaled.jpg 1898w\" sizes=\"auto, (max-width: 700px) 100vw, 700px\" \/><button\n\t\t\tclass=\"lightbox-trigger\"\n\t\t\ttype=\"button\"\n\t\t\taria-haspopup=\"dialog\"\n\t\t\taria-label=\"Vergr\u00f6\u00dfern\"\n\t\t\tdata-wp-init=\"callbacks.initTriggerButton\"\n\t\t\tdata-wp-on--click=\"actions.showLightbox\"\n\t\t\tdata-wp-style--right=\"state.imageButtonRight\"\n\t\t\tdata-wp-style--top=\"state.imageButtonTop\"\n\t\t>\n\t\t\t<svg xmlns=\"http:\/\/www.w3.org\/2000\/svg\" width=\"12\" height=\"12\" fill=\"none\" viewBox=\"0 0 12 12\">\n\t\t\t\t<path fill=\"#fff\" d=\"M2 0a2 2 0 0 0-2 2v2h1.5V2a.5.5 0 0 1 .5-.5h2V0H2Zm2 10.5H2a.5.5 0 0 1-.5-.5V8H0v2a2 2 0 0 0 2 2h2v-1.5ZM8 12v-1.5h2a.5.5 0 0 0 .5-.5V8H12v2a2 2 0 0 1-2 2H8Zm2-12a2 2 0 0 1 2 2v2h-1.5V2a.5.5 0 0 0-.5-.5H8V0h2Z\" \/>\n\t\t\t<\/svg>\n\t\t<\/button><figcaption class=\"wp-element-caption\"><em>Im Fr\u00fchjahr 2021: Baumhaseln<\/em><\/figcaption><\/figure>\n<\/figure>\n\n\n\n<p>Im Herbst holte ich jedenfalls die aus den Samen gezogenen Jungpflanzen aus den K\u00fcbeln und T\u00f6pfen und pflanzte sie wurzelnackt in den Waldgarten und in den Wald. Im Waldgarten gab ich ihnen immer ein bisschen Kompost an die Wurzeln und Holzh\u00e4cksel als Mulch drum herum. Im Wald pflanzte ich zun\u00e4chst mit dem Spaten. Inzwischen pflanze ich aber mit einem sogenannten &#8222;G\u00f6ttinger Fahrradlenker&#8220;. Das ist ein wirklich praktisches, aber simples Spezialger\u00e4t mit einem Lenker als Griff oben und einem schmalen, messerartigen Spatenteil mit Fu\u00dftritt unten. Wenn man viele wurzelnackte B\u00e4ume pflanzen m\u00f6chte, erleichtert es die Arbeit sehr und st\u00f6rt den Waldboden nur minimal. Im Wald erhalten die Jungpflanzen keine weitere Pflege und sind quasi sich selbst \u00fcberlassen. Ich dokumentiere die Keim- und \u00dcberlebensraten im Wald auch nicht systematisch. Was abgefressen wird, wird abgefressen, was eingeht, geht ein. Und ja, Einiges ist mir schon eingegangen, gef\u00fchlt sogar mehr im Waldgarten als im Wald, obwohl ich da \u00f6fter mal mit der Gie\u00dfkanne vorbeikomme. Insgesamt sind die Bedingungen im Waldgarten doch noch deutlich brutaler als im Wald, weil alles in der prallen Sonne steht und sehr schnell austrocknet. Besonders schmerzhaft f\u00e4llt der Verlust nat\u00fcrlich dann auf, wenn gekaufte, veredelte Pflanzen eingehen, f\u00fcr die ich viel Geld bezahlt habe.<\/p>\n\n\n\n<p>Das bringt mich aber auch zu dem Entschlu\u00df, mich in den kommenden Jahren erstmal mehr auf die (billige) Vermehrung aus Saatgut und Stecklingen zu konzentrieren und weniger Pflanzen zu kaufen. Im Waldgarten, bzw. in der &#8222;Mutter-Oase&#8220;, habe ich auch schon eine beachtliche Menge an relativ gen\u00fcgsamen Geh\u00f6lzen zusammengesammelt: Aronia, Felsenbirnen, Haseln, Honigbeeren, Holunder, \u00d6lweiden, Sanddorne, Wacholder, Vogelkirschen, Ebereschen, Schlehen, Hagebutten, Kirschpflaumen, Kornelkirschen, Wei\u00dfdorne, Gojibeeren, Zierquitten, Mahonien, Erbsenstr\u00e4ucher, Wildbirnen, Wild\u00e4pfel, Johannisbeeren, Stachelbeeren, Brombeeren, Himbeeren, Blaueeren, Preiselbeeren, Walderdbeeren, Spargel und Mispeln [s. <a href=\"https:\/\/levampyre.de\/blog\/?page_id=222\" data-type=\"link\" data-id=\"https:\/\/levampyre.de\/blog\/?page_id=222\">Pflanz-Chronik: Waldgarten<\/a>]. Einige davon, z.B. die Hundsrosen, Felsenbirnen und Zierquitten, fruchten sogar schon und k\u00f6nnen vor Ort f\u00fcr die Aussaat beerntet werden. Mit der oben beschriebenen Methode habe ich schon erfolgreich Esskastanien, Wei\u00dfdorne, Buchen, Eichen, Hagebutten, Haseln, Baumhaseln, Zierquitten, Ahorne, Robinien und Waln\u00fcsse vermehrt (wobei die Waln\u00fcsse eher zimperlich sind, weil nicht besonders frosthart).<\/p>\n\n\n\n<figure data-wp-context=\"{&quot;imageId&quot;:&quot;69f2a646123e7&quot;}\" data-wp-interactive=\"core\/image\" data-wp-key=\"69f2a646123e7\" class=\"wp-block-image size-large is-resized wp-lightbox-container\"><img loading=\"lazy\" decoding=\"async\" width=\"700\" height=\"519\" data-wp-class--hide=\"state.isContentHidden\" data-wp-class--show=\"state.isContentVisible\" data-wp-init=\"callbacks.setButtonStyles\" data-wp-on--click=\"actions.showLightbox\" data-wp-on--load=\"callbacks.setButtonStyles\" data-wp-on-window--resize=\"callbacks.setButtonStyles\" src=\"https:\/\/levampyre.de\/blog\/wp-content\/uploads\/2024\/02\/2024_waldgarten-baumschule-700x519.jpg\" alt=\"\" class=\"wp-image-335\" style=\"width:839px;height:auto\" srcset=\"https:\/\/levampyre.de\/blog\/wp-content\/uploads\/2024\/02\/2024_waldgarten-baumschule-700x519.jpg 700w, https:\/\/levampyre.de\/blog\/wp-content\/uploads\/2024\/02\/2024_waldgarten-baumschule-300x222.jpg 300w, https:\/\/levampyre.de\/blog\/wp-content\/uploads\/2024\/02\/2024_waldgarten-baumschule-768x569.jpg 768w, https:\/\/levampyre.de\/blog\/wp-content\/uploads\/2024\/02\/2024_waldgarten-baumschule-1536x1139.jpg 1536w, https:\/\/levampyre.de\/blog\/wp-content\/uploads\/2024\/02\/2024_waldgarten-baumschule-2048x1518.jpg 2048w\" sizes=\"auto, (max-width: 700px) 100vw, 700px\" \/><button\n\t\t\tclass=\"lightbox-trigger\"\n\t\t\ttype=\"button\"\n\t\t\taria-haspopup=\"dialog\"\n\t\t\taria-label=\"Vergr\u00f6\u00dfern\"\n\t\t\tdata-wp-init=\"callbacks.initTriggerButton\"\n\t\t\tdata-wp-on--click=\"actions.showLightbox\"\n\t\t\tdata-wp-style--right=\"state.imageButtonRight\"\n\t\t\tdata-wp-style--top=\"state.imageButtonTop\"\n\t\t>\n\t\t\t<svg xmlns=\"http:\/\/www.w3.org\/2000\/svg\" width=\"12\" height=\"12\" fill=\"none\" viewBox=\"0 0 12 12\">\n\t\t\t\t<path fill=\"#fff\" d=\"M2 0a2 2 0 0 0-2 2v2h1.5V2a.5.5 0 0 1 .5-.5h2V0H2Zm2 10.5H2a.5.5 0 0 1-.5-.5V8H0v2a2 2 0 0 0 2 2h2v-1.5ZM8 12v-1.5h2a.5.5 0 0 0 .5-.5V8H12v2a2 2 0 0 1-2 2H8Zm2-12a2 2 0 0 1 2 2v2h-1.5V2a.5.5 0 0 0-.5-.5H8V0h2Z\" \/>\n\t\t\t<\/svg>\n\t\t<\/button><figcaption class=\"wp-element-caption\"><em>Baumschule im Schatten<\/em> des See-Containers<\/figcaption><\/figure>\n\n\n\n<p>Wenn die Fr\u00fcchte im Sp\u00e4tsommer oder Herbst reif werden, sammle ich sie in kleinen Mengen auf Wanderungen, in den G\u00e4rten von Freunden oder inzwischen sogar schon in unserem Waldgarten. Ich topfe sie direkt ein und lasse sie den Winter \u00fcber drau\u00dfen stehen. Ich desinfiziere nichts, ich pople keine Kerne aus den Fr\u00fcchten, ich achte (bisher) nicht auf besondere genetische Vielfalt, ich stelle nichts zum Stratifizieren in den K\u00fchlschrank und ich schlage auch nichts unter w\u00f6chentlicher Kontrolle in nassem Sand ein. Das w\u00e4re mir alles viel zu aufwendig und daf\u00fcr h\u00e4tte ich weder die Zeit, noch den Platz im K\u00fchlschrank. Ich kann damit keine Riesenmengen produzieren und habe ja auch ohnehin gar nicht die Zeit, Riesenmengen auf unserem Grundst\u00fcck \u00fcberhaupt zu pflanzen und auch wenn ich jedes Jahr nur zehn Jungpflanzen einer Art heranziehe, komme ich meinem Ziel schrittweise n\u00e4her.<\/p>\n\n\n\n<h2 class=\"wp-block-heading\">Der Ausblick<\/h2>\n\n\n\n<p>Dieses Jahr probiere ich zum ersten Mal Feldahorn, Hainbuche und Linde aus Saatgut zu vermehren. Ich habe die Samen im Herbst in die Erde gebracht und bin schon gespannt, ob da im Fr\u00fchjahr etwas keimen wird. Robinien sind zwar nicht heimisch, wachsen hier in unserer Gegend aber wie Unkraut. Auch sie binden Luftstickstoff, haben Dornen und vermehren sich durch Wurzelausl\u00e4ufer. Bienen lieben ihre Bl\u00fcten und ihr Holz ist eines der h\u00e4rtesten und witterungsbest\u00e4ndigsten, das man in Europa finden kann. Es eignet sich prima, um Z\u00e4une, Hochbeete oder Tomatend\u00e4cher zu bauen. Und als w\u00e4re das nicht genug, l\u00e4\u00dft sich Robinie auch ganz leicht mit meiner Methode aus Saatgut vermehren. Um das gesamte Areal des Waldgartens m\u00f6glichst schnell zu beschatten, Stickstoff und Wurzelexudate (also vor allem die bei der Photosynthese von den Pflanzen erzeugten Kohlenhydrate) in den Boden zu bekommen und damit das Mikrobiom im Boden zu beleben, m\u00f6chte ich mich auf Robinien konzentrieren. Sie sind zwar als solches nicht essbar, aber wenn wir den Platz irgendwann f\u00fcr Apfel- oder Birnb\u00e4ume brauchen, k\u00f6nnen wir sie immer noch zur\u00fcckschneiden oder ganz f\u00e4llen und ihr Holz im Garten weiterverwenden.<\/p>\n\n\n\n<figure class=\"wp-block-image size-large is-resized\"><img loading=\"lazy\" decoding=\"async\" width=\"700\" height=\"229\" src=\"https:\/\/levampyre.de\/blog\/wp-content\/uploads\/2024\/02\/2024_waldgarten_haeckselberge-700x229.jpg\" alt=\"\" class=\"wp-image-341\" style=\"width:840px;height:auto\" srcset=\"https:\/\/levampyre.de\/blog\/wp-content\/uploads\/2024\/02\/2024_waldgarten_haeckselberge-700x229.jpg 700w, https:\/\/levampyre.de\/blog\/wp-content\/uploads\/2024\/02\/2024_waldgarten_haeckselberge-300x98.jpg 300w, https:\/\/levampyre.de\/blog\/wp-content\/uploads\/2024\/02\/2024_waldgarten_haeckselberge-768x251.jpg 768w, https:\/\/levampyre.de\/blog\/wp-content\/uploads\/2024\/02\/2024_waldgarten_haeckselberge-1536x502.jpg 1536w, https:\/\/levampyre.de\/blog\/wp-content\/uploads\/2024\/02\/2024_waldgarten_haeckselberge-2048x670.jpg 2048w\" sizes=\"auto, (max-width: 700px) 100vw, 700px\" \/><figcaption class=\"wp-element-caption\"><em>2024 H\u00e4ckselberge<\/em><\/figcaption><\/figure>\n\n\n\n<p>Au\u00dferdem habe ich mir letztes Jahr endlich Zugang zu h\u00e4ngerweise Holzh\u00e4ckseln verschafft. Das war bis dato immer eine \u00e4hnlich knappe Ressource wie Kompost. Ich habe einfach den \u00f6rtlichen Parkpflegeservice angesprochen und gefragt, ob sie nicht einen Ort suchen, um ihre Holzh\u00e4cksel billig loszuwerden. Oft liefern sie sie an Leute mit einer Holzh\u00e4ckselheizung. Aber manchmal haben sie so viele kleine \u00c4stchen und Bl\u00e4tter vom Baumkronenschnitt dabei, dass sie es bei Holzh\u00e4ckselheizern nicht loswerden und eigentlich, verbunden mit entsprechenden Kosten, auf Recyclingh\u00f6fen abliefern m\u00fc\u00dften. Seit ich sie angesprochen und betont habe, dass der Baumkronenschnitt genau das ist, was ich f\u00fcr meinen Waldgarten als Mulch gebrauchen kann, kommen sie damit nun regelm\u00e4ssig zu mir und ich freue mich riesig. (Nach den 10\u20ac f\u00fcr den Account der Alpha-Version von Minecraft waren das die am zweitbesten angelegten 10\u20ac meines Lebens.)<\/p>\n\n\n\n<figure class=\"wp-block-image size-large is-resized\"><img loading=\"lazy\" decoding=\"async\" width=\"700\" height=\"519\" src=\"https:\/\/levampyre.de\/blog\/wp-content\/uploads\/2024\/02\/2023_waldgarten-kompost-700x519.jpg\" alt=\"\" class=\"wp-image-339\" style=\"width:840px;height:auto\" srcset=\"https:\/\/levampyre.de\/blog\/wp-content\/uploads\/2024\/02\/2023_waldgarten-kompost-700x519.jpg 700w, https:\/\/levampyre.de\/blog\/wp-content\/uploads\/2024\/02\/2023_waldgarten-kompost-300x222.jpg 300w, https:\/\/levampyre.de\/blog\/wp-content\/uploads\/2024\/02\/2023_waldgarten-kompost-768x569.jpg 768w, https:\/\/levampyre.de\/blog\/wp-content\/uploads\/2024\/02\/2023_waldgarten-kompost-1536x1139.jpg 1536w, https:\/\/levampyre.de\/blog\/wp-content\/uploads\/2024\/02\/2023_waldgarten-kompost-2048x1518.jpg 2048w\" sizes=\"auto, (max-width: 700px) 100vw, 700px\" \/><figcaption class=\"wp-element-caption\"><em>Kompost in der Hei\u00dfrotte im Winter 2023<\/em><\/figcaption><\/figure>\n\n\n\n<p>Auch unsere Kompostmengen kommen nun langsam an unseren Bedarf heran und ich glaube, ich werde dieses Jahr zum ersten Mal keinen externen Kompost f\u00fcr das Gem\u00fcse dazukaufen m\u00fcssen. Unser Kompost-System ist inzwischen auch so sophisticated, dass ich dazu sicher irgendwann einen eigenen Blogbeitrag schreiben werde. F\u00fcr n\u00e4chste Woche ist meine Fr\u00fchjahrespflanzenlieferung angek\u00fcndigt, die meine ersten drei Elsbeeren enthalten wird. In T\u00f6pfen warten auch noch die von anderen Baufl\u00e4chen geretteten Weiden und Salweiden auf Pflanzung. Und wenn die Feldahorne, Hainbuchen und Linden diesen Fr\u00fchling wirklich keimen, werde ich sicher wieder auf Mastodon davon berichten.<\/p>\n\n\n\n<p>Auf Mastodon habe ich neulich auch ein sch\u00f6nes Zitat des G\u00e4rtners und Botanikers Doug Gosling gelesen: &#8222;Growing plants and saving seeds are some of the most provocative, democratic and radical acts one can take towards reconciling the modern world&#8217;s alienation from the earth and the miracle of life.&#8220; (Pflanzen wachsen zu lassen und Saatgut zu bewahren, sind einige der provokativsten, demokratischsten und radikalsten Schritte, die man unternehmen kann, um die davon entfremdete moderne Welt wieder mit der Erde und dem Wunder des Lebens zu vers\u00f6hnen).<\/p>\n\n\n\n<figure data-wp-context=\"{&quot;imageId&quot;:&quot;69f2a64612d2a&quot;}\" data-wp-interactive=\"core\/image\" data-wp-key=\"69f2a64612d2a\" class=\"wp-block-image size-large is-resized wp-lightbox-container\"><img loading=\"lazy\" decoding=\"async\" width=\"700\" height=\"304\" data-wp-class--hide=\"state.isContentHidden\" data-wp-class--show=\"state.isContentVisible\" data-wp-init=\"callbacks.setButtonStyles\" data-wp-on--click=\"actions.showLightbox\" data-wp-on--load=\"callbacks.setButtonStyles\" data-wp-on-window--resize=\"callbacks.setButtonStyles\" src=\"https:\/\/levampyre.de\/blog\/wp-content\/uploads\/2024\/02\/2024_waldgarten-oase-700x304.jpg\" alt=\"\" class=\"wp-image-342\" style=\"width:840px;height:auto\" srcset=\"https:\/\/levampyre.de\/blog\/wp-content\/uploads\/2024\/02\/2024_waldgarten-oase-700x304.jpg 700w, https:\/\/levampyre.de\/blog\/wp-content\/uploads\/2024\/02\/2024_waldgarten-oase-300x130.jpg 300w, https:\/\/levampyre.de\/blog\/wp-content\/uploads\/2024\/02\/2024_waldgarten-oase-768x334.jpg 768w, https:\/\/levampyre.de\/blog\/wp-content\/uploads\/2024\/02\/2024_waldgarten-oase-1536x668.jpg 1536w, https:\/\/levampyre.de\/blog\/wp-content\/uploads\/2024\/02\/2024_waldgarten-oase-2048x890.jpg 2048w\" sizes=\"auto, (max-width: 700px) 100vw, 700px\" \/><button\n\t\t\tclass=\"lightbox-trigger\"\n\t\t\ttype=\"button\"\n\t\t\taria-haspopup=\"dialog\"\n\t\t\taria-label=\"Vergr\u00f6\u00dfern\"\n\t\t\tdata-wp-init=\"callbacks.initTriggerButton\"\n\t\t\tdata-wp-on--click=\"actions.showLightbox\"\n\t\t\tdata-wp-style--right=\"state.imageButtonRight\"\n\t\t\tdata-wp-style--top=\"state.imageButtonTop\"\n\t\t>\n\t\t\t<svg xmlns=\"http:\/\/www.w3.org\/2000\/svg\" width=\"12\" height=\"12\" fill=\"none\" viewBox=\"0 0 12 12\">\n\t\t\t\t<path fill=\"#fff\" d=\"M2 0a2 2 0 0 0-2 2v2h1.5V2a.5.5 0 0 1 .5-.5h2V0H2Zm2 10.5H2a.5.5 0 0 1-.5-.5V8H0v2a2 2 0 0 0 2 2h2v-1.5ZM8 12v-1.5h2a.5.5 0 0 0 .5-.5V8H12v2a2 2 0 0 1-2 2H8Zm2-12a2 2 0 0 1 2 2v2h-1.5V2a.5.5 0 0 0-.5-.5H8V0h2Z\" \/>\n\t\t\t<\/svg>\n\t\t<\/button><figcaption class=\"wp-element-caption\"><em>Die &#8222;Oase&#8220; und der um sie herum entstehende Waldgarten im Februar 2024<\/em><\/figcaption><\/figure>\n\n\n\n<p>Ich finde, da hat er ganz Recht und lasse seine Worte daher heute das Schlu\u00dfwort zu meinem Waldgarten-Artikel sein. Wie immer: Kommt uns besuchen! Bringt Pflanzen und Saatgut mit! Pflanzt B\u00e4ume, Str\u00e4ucher und Kr\u00e4uter!<\/p>\n","protected":false},"excerpt":{"rendered":"<p>Neulich wurde ich auf Mastodon gefragt, ob ich nicht mal etwas mehr dar\u00fcber erz\u00e4hlen k\u00f6nne, wie ich Geh\u00f6lze f\u00fcr unseren Waldgarten aus Saatgut vermehre. Da ich dabei keine Raketenwissenschaft betreibe und das zu erkl\u00e4ren vermutlich keinen Blogartikel f\u00fcllt, schreibe ich heute nicht nur \u00fcber Pflanzenvermehrung aus Saatgut, sondern ganz allgemein \u00fcber unseren Waldgarten, \u00fcber mein&#8230;<\/p>\n","protected":false},"author":2,"featured_media":0,"comment_status":"open","ping_status":"open","sticky":false,"template":"","format":"standard","meta":{"footnotes":""},"categories":[1],"tags":[],"class_list":["post-171","post","type-post","status-publish","format-standard","hentry","category-allgemein"],"_links":{"self":[{"href":"https:\/\/levampyre.de\/blog\/index.php?rest_route=\/wp\/v2\/posts\/171","targetHints":{"allow":["GET"]}}],"collection":[{"href":"https:\/\/levampyre.de\/blog\/index.php?rest_route=\/wp\/v2\/posts"}],"about":[{"href":"https:\/\/levampyre.de\/blog\/index.php?rest_route=\/wp\/v2\/types\/post"}],"author":[{"embeddable":true,"href":"https:\/\/levampyre.de\/blog\/index.php?rest_route=\/wp\/v2\/users\/2"}],"replies":[{"embeddable":true,"href":"https:\/\/levampyre.de\/blog\/index.php?rest_route=%2Fwp%2Fv2%2Fcomments&post=171"}],"version-history":[{"count":46,"href":"https:\/\/levampyre.de\/blog\/index.php?rest_route=\/wp\/v2\/posts\/171\/revisions"}],"predecessor-version":[{"id":368,"href":"https:\/\/levampyre.de\/blog\/index.php?rest_route=\/wp\/v2\/posts\/171\/revisions\/368"}],"wp:attachment":[{"href":"https:\/\/levampyre.de\/blog\/index.php?rest_route=%2Fwp%2Fv2%2Fmedia&parent=171"}],"wp:term":[{"taxonomy":"category","embeddable":true,"href":"https:\/\/levampyre.de\/blog\/index.php?rest_route=%2Fwp%2Fv2%2Fcategories&post=171"},{"taxonomy":"post_tag","embeddable":true,"href":"https:\/\/levampyre.de\/blog\/index.php?rest_route=%2Fwp%2Fv2%2Ftags&post=171"}],"curies":[{"name":"wp","href":"https:\/\/api.w.org\/{rel}","templated":true}]}}